{"id":284,"date":"2013-05-11T21:17:47","date_gmt":"2013-05-11T19:17:47","guid":{"rendered":"http:\/\/steffmade.de\/blog\/?p=284"},"modified":"2013-05-11T21:17:47","modified_gmt":"2013-05-11T19:17:47","slug":"wendemutze-nr-1","status":"publish","type":"post","link":"http:\/\/steffmade.de\/blog\/2013\/05\/wendemutze-nr-1\/","title":{"rendered":"Wendem\u00fctze Nr. 1"},"content":{"rendered":"<p>M\u00fctze nach Schnitt von Klimperklein. F\u00e4llt recht gro\u00df aus oder ich hab zu gro\u00df ausgeschnitten. Hoffentlich ist sie im Herbst nicht schon zu klein.<br \/>\n<!--more--><\/p>\n<p><a href=\"http:\/\/steffmade.de\/blog\/wp-content\/uploads\/2013\/05\/wpid-IMG_20130511_211442.jpg\"><img decoding=\"async\" title=\"IMG_20130511_211442.jpg\" class=\"alignnone size-full\" alt=\"image\" src=\"http:\/\/steffmade.de\/blog\/wp-content\/uploads\/2013\/05\/wpid-IMG_20130511_211442.jpg\" \/><\/a><\/p>\n","protected":false},"excerpt":{"rendered":"<p>M\u00fctze nach Schnitt von Klimperklein. F\u00e4llt recht gro\u00df aus oder ich hab zu gro\u00df ausgeschnitten. Hoffentlich ist sie im Herbst nicht schon zu klein.<\/p>\n","protected":false},"author":1,"featured_media":0,"comment_status":"open","ping_status":"open","sticky":false,"template":"","format":"standard","meta":{"footnotes":""},"categories":[4],"tags":[10,15,59,60],"class_list":["post-284","post","type-post","status-publish","format-standard","hentry","category-genaehtes","tag-baby","tag-kinder","tag-klimperklein","tag-mutze"],"_links":{"self":[{"href":"http:\/\/steffmade.de\/blog\/wp-json\/wp\/v2\/posts\/284","targetHints":{"allow":["GET"]}}],"collection":[{"href":"http:\/\/steffmade.de\/blog\/wp-json\/wp\/v2\/posts"}],"about":[{"href":"http:\/\/steffmade.de\/blog\/wp-json\/wp\/v2\/types\/post"}],"author":[{"embeddable":true,"href":"http:\/\/steffmade.de\/blog\/wp-json\/wp\/v2\/users\/1"}],"replies":[{"embeddable":true,"href":"http:\/\/steffmade.de\/blog\/wp-json\/wp\/v2\/comments?post=284"}],"version-history":[{"count":0,"href":"http:\/\/steffmade.de\/blog\/wp-json\/wp\/v2\/posts\/284\/revisions"}],"wp:attachment":[{"href":"http:\/\/steffmade.de\/blog\/wp-json\/wp\/v2\/media?parent=284"}],"wp:term":[{"taxonomy":"category","embeddable":true,"href":"http:\/\/steffmade.de\/blog\/wp-json\/wp\/v2\/categories?post=284"},{"taxonomy":"post_tag","embeddable":true,"href":"http:\/\/steffmade.de\/blog\/wp-json\/wp\/v2\/tags?post=284"}],"curies":[{"name":"wp","href":"https:\/\/api.w.org\/{rel}","templated":true}]}}